{"id":28833,"date":"2014-08-29T15:54:03","date_gmt":"2014-08-29T05:54:03","guid":{"rendered":"https:\/\/billmitchell.org\/blog\/?p=28833"},"modified":"2014-08-29T15:54:03","modified_gmt":"2014-08-29T05:54:03","slug":"friday-lay-day-5","status":"publish","type":"post","link":"https:\/\/billmitchell.org\/blog\/?p=28833","title":{"rendered":"Friday lay day"},"content":{"rendered":"<p>\t\t\t\tIts Friday lay day, where I don&#8217;t really write a blog anymore. Whatever! Over the last few weeks, I have written a few blogs that have examined the state of affairs in France &#8211; for example, <a href=\"https:\/\/billmitchell.org\/blog\/?p=28728\">Germany contracts as the French suggest defiance<\/a> and <a href=\"https:\/\/billmitchell.org\/blog\/?p=28785\">French government in tatters and the financial markets want growth<\/a>. I recall that earlier this year (January 28, 2014), the French President Francois Hollande told the press that unemployment in France had &#8220;finally peaked&#8221; (<a href=\"http:\/\/uk.reuters.com\/article\/2014\/01\/28\/uk-france-unemployment-idUKBREA0R0PP20140128\">Source<\/a>). Every month since he made that prediction, unemployment has risen.<br \/>\n<!--more--><br \/>\nI am currently reading Haruki Murakami&#8217;s latest book &#8211; Colorless Tsukuru Tazaki and His Years of Pilgrimage &#8211; which is outstanding. He is best known for the classic Norwegian Wood, but he has many other books translated into English. All are challenging in one way or another.<\/p>\n<p>In the latest book, one of the &#8216;vehicles&#8217; that motivates the inherent retrospection and binds various characters together is the piano piece by Franz Litz &#8211; Le mal du Pays.<\/p>\n<p>In my younger years I shared a large house in Melbourne with a stack of musicians which we called the &#8216;Pink House&#8221;. It was quite a place. There were all sorts of impromptu bands forming very early in the morning as the occupants came home from their various gigs and whatever. Blues players, Jazz players, Rockabilly, Vaudeville and Classical musicians. We were young and didn&#8217;t need sleep.<\/p>\n<p>One of the occupants of that mad house at the time was <a href=\"http:\/\/en.wikipedia.org\/wiki\/Leslie_Howard_%28musician%29\">Leslie Howard<\/a>, who is now a world famous concert pianist and is &#8220;the only pianist to have recorded the complete solo piano works of Franz Liszt, a project which included more than 300 premiere recordings&#8221;. It was a very eccentric mix of music styles that lived under that roof.<\/p>\n<p>He used to play Litz late in the night on his piano and one of my favourite pieces was Le mal du Pays. It is 6 minutes of beautiful Litz, if you like him. It is part of a three suites for piano &#8211; Ann\u00e9es de p\u00e8lerinage &#8211; written around 1838.<\/p>\n<p>So just as in Murakami&#8217;s novel, the piece invokes a certain restrospective relevance for me personally.<\/p>\n<p>Here it is played by Hungarian pianist &#8211; <a href=\"http:\/\/en.wikipedia.org\/wiki\/Jen%C5%91_Jand%C3%B3\">Jen\u00f6 Jand\u00f3<\/a> &#8211; who is another world expert on Litz.<\/p>\n<p><iframe loading=\"lazy\" width=\"420\" height=\"315\" src=\"\/\/www.youtube.com\/embed\/XZlO_mNYCL8\" frameborder=\"0\" allowfullscreen><\/iframe><\/p>\n<div style=\"clear:both;\"><\/div>\n<p>Anyway, in French, le mal du pays means homesickness. If you separate the phrase (that is, not use it in context) then &#8216;mal&#8217; means anything from bad, troubled, to evil and &#8216;pays&#8217; means anything from country to home.<\/p>\n<p>That sounds like France over the last week.<\/p>\n<p>All this week, the national French statistical agency &#8211; INSEE (Instit national de la statistique et des \u00e9tudes \u00e9conomiques) &#8211; has been publishing dire economic updates.<\/p>\n<p>1. <a href=\"http:\/\/www.insee.fr\/fr\/themes\/info-rapide.asp?id=11&#038;date=20140827\">En ao\u00fbt 2014, le climat des affaires dans l&#8217;industrie manufacturi\u00e8re se d\u00e9grade<\/a> &#8211; Manufacturing sector business environment deteriorated in August.<\/p>\n<p>2. <a href=\"http:\/\/www.insee.fr\/fr\/themes\/info-rapide.asp?id=56&#038;date=20140827\">En ao\u00fbt 2014, le climat conjoncturel reste d\u00e9grad\u00e9 dans le b\u00e2timent<\/a> &#8211; The economic climate in the building industry deteriated in August.<\/p>\n<p>3. <a href=\"http:\/\/www.insee.fr\/fr\/themes\/info-rapide.asp?id=86&#038;date=20140827\">En ao\u00fbt 2014, le climat des affaires se d\u00e9grade, dans le commerce de d\u00e9tail et dans le commerce et la r\u00e9paration automobiles<\/a> &#8211; The business climate plummettes in retail trade, and in motor vehicle sales and repair.<\/p>\n<p>4. <a href=\"http:\/\/www.insee.fr\/fr\/themes\/info-rapide.asp?id=105&#038;date=20140827\">En ao\u00fbt 2014, le climat des affaires en France se d\u00e9grade<\/a> &#8211; The French business climate generally deteriorated in August.<\/p>\n<p>5. <a href=\"http:\/\/www.insee.fr\/fr\/themes\/info-rapide.asp?id=11&#038;date=20140827\">En ao\u00fbt 2014, le climat des affaires dans l&#8217;industrie manufacturi\u00e8re se d\u00e9grade<\/a> &#8211; The business climate for manufacturing deteriorated in August 2014.<\/p>\n<p>Then the Minist\u00e8re du Travail, de l&#8217;Emploi, de la Formation Professionelle et du Dialogue Social (the French Labour Ministry), published the latest data on registered unemployment (registered at employment centres) &#8211; <a href=\"http:\/\/travail-emploi.gouv.fr\/actualite-presse,42\/breves,2137\/publication-de-la-dares-demandeurs,17960.html\">Demandeurs d&#8217;emploi inscrits et offres collect\u00e9es par P\u00f4le emploi en juillet 2014<\/a> &#8211; and you realised how bad things have become under the manic austerity that Hollande is inflicting on the nation.<\/p>\n<p>France categorises the unemployed into so-called classes (&#8220;cat\u00e9gories&#8221;). Class A are those who are actively seeking work. Classes B and C have less search requirements, and Class D have no search requirements either because they are not available (Class D) or already have a job (Class E).<\/p>\n<p>The data says that:<\/p>\n<p>1. There are now 3,424 million workers unemployed registered at job employment centres in France and the extra 26,000 that joined the queue represented the 9th consecutive month of rising unemployment.<\/p>\n<p>2. The rise in July 2014 alone was 0.8 per cent &#8211; an acceleration in the deterioration.<\/p>\n<p>3. There were also an additional 1.659 million unemployed registered as (Class B and C) at employment centres across France.<\/p>\n<p>4. Overall in Classes A to C (the immediately available and willing workforce) there are 5,083 million workers registered as unemployment at employment centres and that number rose by 0.8 per cent or 40,600 in July.<\/p>\n<p>5. Over the last year, the total Class A to C number has risen by 5 per cent.<\/p>\n<p>The following graph is taken from the <a href=\"http:\/\/travail-emploi.gouv.fr\/IMG\/pdf\/PI-Mensuelle-PPBVN18.pdf\">detailed publication<\/a> provided by the Ministry.<\/p>\n<p>Mr Hollande could not have been more wrong. He might be able to convince himself that austerity will foster growth but the reality is different &#8211; there can be no growth without increased spending.<\/p>\n<p>You can scorch the economy as much as you like but someone has to be spending.<\/p>\n<p><a href=\"https:\/\/billmitchell.org\/blog\/wp-content\/uploads\/2014\/08\/France_Job_Seekers_July_2014.jpg\"><img loading=\"lazy\" decoding=\"async\" src=\"https:\/\/billmitchell.org\/blog\/wp-content\/uploads\/2014\/08\/France_Job_Seekers_July_2014.jpg\" alt=\"\" title=\"France_Job_Seekers_July_2014\" width=\"351\" height=\"427\" class=\"alignnone size-full wp-image-28837\" \/><\/a><\/p>\n<div style=\"clear:both;\"><\/div>\n<p>And to make matters worse, the new government formed after some of the key ministers (including the Economic Minister) resigned in protest about the ridiculous austerity measures that Francoise Hollande is imposing on the economy, is already reeling.<\/p>\n<p>The newly sworn in Economy Minister Emmanuel Macron, who was formerly an investment banker &#8211; yes, why put someone like in charge of anything, has now claimed he is open to ripping up the 35-hour working week rule, which is a maximum allowable under current law.<\/p>\n<p>Businesses are lobbying to force workers to work longer hours and reduced pay. The new right-wing shift in the &#8216;Socialist&#8217; government (its a farce, no!) is now getting behind the push by business, claiming that unemployment will rise further if business is now allowed to be more flexible.<\/p>\n<p>Do the sums &#8211; longer hours at less pay means less working hours available for others and less overall income.<\/p>\n<p>So now we have been marginally pacified into melancholy by Litz here is some wake up music to increase the anger again.<\/p>\n<p>This song is from Linton Kwesi Johnson &#8211; Fite Dem Back &#8211; was Track 5 on the 1979 album &#8211; <a href=\"http:\/\/en.wikipedia.org\/wiki\/Forces_of_Victory\">Forces of Victory<\/a>. It was written about organised police attacks on young Caribbeans in Britain.<\/p>\n<p>But the words might equally apply to policy makers who think that by slashing spending under so-called austerity plans growth and jobs will magically spring up. The words might also apply to the Australian polity  who lock innocent children up on remote, mosquito-infested islands in the Pacific and drive them into mental illness, just because their parents tried to seek refugee status in Australia.<\/p>\n<p>Get the video started and sing it out loud &#8211; along with Linton.<\/p>\n<p><iframe loading=\"lazy\" width=\"420\" height=\"315\" src=\"\/\/www.youtube.com\/embed\/2PD41qBDALE\" frameborder=\"0\" allowfullscreen><\/iframe><\/p>\n<div style=\"clear:both;\"><\/div>\n<p>We gonna smash their brains in<br \/>\n&#8216;Cause they ain&#8217;t got nofink in &#8217;em<br \/>\nWe gonna smash their brains in<br \/>\n&#8216;Cause they ain&#8217;t got nofink in &#8217;em<\/p>\n<p>Some a dem say dem a niggah haytah<br \/>\nAn&#8217; some a dem say dem a black beatah<br \/>\nSome a dem say dem a black stabbah<br \/>\nAn&#8217; some a dem say dem a paki bashah<\/p>\n<p>Fashist an di attack<br \/>\nNoh baddah worry &#8217;bout dat<br \/>\nFashist an di attack<br \/>\nWi wi&#8217; fite dem back<\/p>\n<p>Fashist an di attack<br \/>\nDen wi countah-attack<br \/>\nFashist an di attack<br \/>\nDen wi drive dem back<\/p>\n<p>We gonna smash their brains in<br \/>\n&#8216;Cause they ain&#8217;t got nofink in &#8217;em<br \/>\nWe gonna smash their brains in<br \/>\n&#8216;Cause they ain&#8217;t got nofink in &#8217;em<\/p>\n<p><strong>Saturday Quiz<\/strong><\/p>\n<p>The Saturday Quiz will be back again tomorrow. It will be of an appropriate order of difficulty (-:<\/p>\n<p>That is enough for today!<\/p>\n<p>(c) Copyright 2014 Bill Mitchell. All Rights Reserved. \t\t<\/p>\n","protected":false},"excerpt":{"rendered":"<p>Its Friday lay day, where I don&#8217;t really write a blog anymore. Whatever! Over the last few weeks, I have written a few blogs that have examined the state of affairs in France &#8211; for example, Germany contracts as the French suggest defiance and French government in tatters and the financial markets want growth. I&hellip;<\/p>\n","protected":false},"author":1,"featured_media":0,"comment_status":"open","ping_status":"closed","sticky":false,"template":"","format":"standard","meta":{"_jetpack_memberships_contains_paid_content":false,"footnotes":""},"categories":[71],"tags":[],"class_list":["post-28833","post","type-post","status-publish","format-standard","hentry","category-friday","entry","no-media"],"jetpack_featured_media_url":"","jetpack_sharing_enabled":true,"_links":{"self":[{"href":"https:\/\/billmitchell.org\/blog\/index.php?rest_route=\/wp\/v2\/posts\/28833","targetHints":{"allow":["GET"]}}],"collection":[{"href":"https:\/\/billmitchell.org\/blog\/index.php?rest_route=\/wp\/v2\/posts"}],"about":[{"href":"https:\/\/billmitchell.org\/blog\/index.php?rest_route=\/wp\/v2\/types\/post"}],"author":[{"embeddable":true,"href":"https:\/\/billmitchell.org\/blog\/index.php?rest_route=\/wp\/v2\/users\/1"}],"replies":[{"embeddable":true,"href":"https:\/\/billmitchell.org\/blog\/index.php?rest_route=%2Fwp%2Fv2%2Fcomments&post=28833"}],"version-history":[{"count":0,"href":"https:\/\/billmitchell.org\/blog\/index.php?rest_route=\/wp\/v2\/posts\/28833\/revisions"}],"wp:attachment":[{"href":"https:\/\/billmitchell.org\/blog\/index.php?rest_route=%2Fwp%2Fv2%2Fmedia&parent=28833"}],"wp:term":[{"taxonomy":"category","embeddable":true,"href":"https:\/\/billmitchell.org\/blog\/index.php?rest_route=%2Fwp%2Fv2%2Fcategories&post=28833"},{"taxonomy":"post_tag","embeddable":true,"href":"https:\/\/billmitchell.org\/blog\/index.php?rest_route=%2Fwp%2Fv2%2Ftags&post=28833"}],"curies":[{"name":"wp","href":"https:\/\/api.w.org\/{rel}","templated":true}]}}